{"id":1983,"date":"2024-03-22T16:48:00","date_gmt":"2024-03-22T19:48:00","guid":{"rendered":"https:\/\/www.athonenergia.com.br\/?post_type=imprensa&#038;p=1983"},"modified":"2024-09-04T14:56:21","modified_gmt":"2024-09-04T17:56:21","slug":"futuro-mais-verde-geracao-distribuida-desponta-como-pilar-da-transicao-energetica-brasileira","status":"publish","type":"imprensa","link":"https:\/\/www.athonenergia.com.br\/en\/imprensa\/futuro-mais-verde-geracao-distribuida-desponta-como-pilar-da-transicao-energetica-brasileira\/","title":{"rendered":"Futuro mais verde: Gera\u00e7\u00e3o Distribu\u00edda desponta como pilar da transi\u00e7\u00e3o energ\u00e9tica brasileira"},"content":{"rendered":"","protected":false},"excerpt":{"rendered":"<p>Consolida\u00e7\u00e3o e fus\u00f5es esperadas indicam dinamismo no setor, com adi\u00e7\u00e3o prevista de 5 GW at\u00e9 2026, ou R$ 20 bi em investimentos, escreve Daniel Maia<\/p>\n","protected":false},"author":3,"featured_media":2830,"comment_status":"closed","ping_status":"closed","template":"","meta":{"_acf_changed":false,"footnotes":""},"categoria_imprensa":[18],"class_list":["post-1983","imprensa","type-imprensa","status-publish","has-post-thumbnail","hentry","categoria_imprensa-epbr"],"acf":[],"yoast_head":"<!-- This site is optimized with the Yoast SEO plugin v23.8 - https:\/\/yoast.com\/wordpress\/plugins\/seo\/ -->\n<title>Futuro mais verde: Gera\u00e7\u00e3o Distribu\u00edda desponta como pilar da transi\u00e7\u00e3o energ\u00e9tica brasileira - Athon Energia<\/title>\n<meta name=\"robots\" content=\"index, follow, max-snippet:-1, max-image-preview:large, max-video-preview:-1\" \/>\n<link rel=\"canonical\" href=\"https:\/\/www.athonenergia.com.br\/en\/imprensa\/futuro-mais-verde-geracao-distribuida-desponta-como-pilar-da-transicao-energetica-brasileira\/\" \/>\n<meta property=\"og:locale\" content=\"en_US\" \/>\n<meta property=\"og:type\" content=\"article\" \/>\n<meta property=\"og:title\" content=\"Futuro mais verde: Gera\u00e7\u00e3o Distribu\u00edda desponta como pilar da transi\u00e7\u00e3o energ\u00e9tica brasileira - Athon Energia\" \/>\n<meta property=\"og:description\" content=\"Consolida\u00e7\u00e3o e fus\u00f5es esperadas indicam dinamismo no setor, com adi\u00e7\u00e3o prevista de 5 GW at\u00e9 2026, ou R$ 20 bi em investimentos, escreve Daniel Maia\" \/>\n<meta property=\"og:url\" content=\"https:\/\/www.athonenergia.com.br\/en\/imprensa\/futuro-mais-verde-geracao-distribuida-desponta-como-pilar-da-transicao-energetica-brasileira\/\" \/>\n<meta property=\"og:site_name\" content=\"Athon Energia\" \/>\n<meta property=\"article:modified_time\" content=\"2024-09-04T17:56:21+00:00\" \/>\n<meta property=\"og:image\" content=\"https:\/\/www.athonenergia.com.br\/wp-content\/uploads\/2024\/03\/20240325_Athon-Energia_Noticia-e1725472533720.png\" \/>\n\t<meta property=\"og:image:width\" content=\"1080\" \/>\n\t<meta property=\"og:image:height\" content=\"552\" \/>\n\t<meta property=\"og:image:type\" content=\"image\/png\" \/>\n<meta name=\"twitter:card\" content=\"summary_large_image\" \/>\n<script type=\"application\/ld+json\" class=\"yoast-schema-graph\">{\"@context\":\"https:\/\/schema.org\",\"@graph\":[{\"@type\":\"WebPage\",\"@id\":\"https:\/\/www.athonenergia.com.br\/en\/imprensa\/futuro-mais-verde-geracao-distribuida-desponta-como-pilar-da-transicao-energetica-brasileira\/\",\"url\":\"https:\/\/www.athonenergia.com.br\/en\/imprensa\/futuro-mais-verde-geracao-distribuida-desponta-como-pilar-da-transicao-energetica-brasileira\/\",\"name\":\"Futuro mais verde: Gera\u00e7\u00e3o Distribu\u00edda desponta como pilar da transi\u00e7\u00e3o energ\u00e9tica brasileira - Athon Energia\",\"isPartOf\":{\"@id\":\"https:\/\/www.athonenergia.com.br\/en\/#website\"},\"primaryImageOfPage\":{\"@id\":\"https:\/\/www.athonenergia.com.br\/en\/imprensa\/futuro-mais-verde-geracao-distribuida-desponta-como-pilar-da-transicao-energetica-brasileira\/#primaryimage\"},\"image\":{\"@id\":\"https:\/\/www.athonenergia.com.br\/en\/imprensa\/futuro-mais-verde-geracao-distribuida-desponta-como-pilar-da-transicao-energetica-brasileira\/#primaryimage\"},\"thumbnailUrl\":\"https:\/\/www.athonenergia.com.br\/wp-content\/uploads\/2024\/03\/20240325_Athon-Energia_Noticia-e1725472533720.png\",\"datePublished\":\"2024-03-22T19:48:00+00:00\",\"dateModified\":\"2024-09-04T17:56:21+00:00\",\"breadcrumb\":{\"@id\":\"https:\/\/www.athonenergia.com.br\/en\/imprensa\/futuro-mais-verde-geracao-distribuida-desponta-como-pilar-da-transicao-energetica-brasileira\/#breadcrumb\"},\"inLanguage\":\"en-US\",\"potentialAction\":[{\"@type\":\"ReadAction\",\"target\":[\"https:\/\/www.athonenergia.com.br\/en\/imprensa\/futuro-mais-verde-geracao-distribuida-desponta-como-pilar-da-transicao-energetica-brasileira\/\"]}]},{\"@type\":\"ImageObject\",\"inLanguage\":\"en-US\",\"@id\":\"https:\/\/www.athonenergia.com.br\/en\/imprensa\/futuro-mais-verde-geracao-distribuida-desponta-como-pilar-da-transicao-energetica-brasileira\/#primaryimage\",\"url\":\"https:\/\/www.athonenergia.com.br\/wp-content\/uploads\/2024\/03\/20240325_Athon-Energia_Noticia-e1725472533720.png\",\"contentUrl\":\"https:\/\/www.athonenergia.com.br\/wp-content\/uploads\/2024\/03\/20240325_Athon-Energia_Noticia-e1725472533720.png\",\"width\":1080,\"height\":552},{\"@type\":\"BreadcrumbList\",\"@id\":\"https:\/\/www.athonenergia.com.br\/en\/imprensa\/futuro-mais-verde-geracao-distribuida-desponta-como-pilar-da-transicao-energetica-brasileira\/#breadcrumb\",\"itemListElement\":[{\"@type\":\"ListItem\",\"position\":1,\"name\":\"In\u00edcio\",\"item\":\"https:\/\/www.athonenergia.com.br\/en\/\"},{\"@type\":\"ListItem\",\"position\":2,\"name\":\"Futuro mais verde: Gera\u00e7\u00e3o Distribu\u00edda desponta como pilar da transi\u00e7\u00e3o energ\u00e9tica brasileira\"}]},{\"@type\":\"WebSite\",\"@id\":\"https:\/\/www.athonenergia.com.br\/en\/#website\",\"url\":\"https:\/\/www.athonenergia.com.br\/en\/\",\"name\":\"Athon Energia\",\"description\":\"\",\"publisher\":{\"@id\":\"https:\/\/www.athonenergia.com.br\/en\/#organization\"},\"potentialAction\":[{\"@type\":\"SearchAction\",\"target\":{\"@type\":\"EntryPoint\",\"urlTemplate\":\"https:\/\/www.athonenergia.com.br\/en\/?s={search_term_string}\"},\"query-input\":{\"@type\":\"PropertyValueSpecification\",\"valueRequired\":true,\"valueName\":\"search_term_string\"}}],\"inLanguage\":\"en-US\"},{\"@type\":\"Organization\",\"@id\":\"https:\/\/www.athonenergia.com.br\/en\/#organization\",\"name\":\"Athon Energia\",\"url\":\"https:\/\/www.athonenergia.com.br\/en\/\",\"logo\":{\"@type\":\"ImageObject\",\"inLanguage\":\"en-US\",\"@id\":\"https:\/\/www.athonenergia.com.br\/en\/#\/schema\/logo\/image\/\",\"url\":\"https:\/\/www.athonenergia.com.br\/wp-content\/uploads\/2024\/09\/favicon-logo-cor.jpg\",\"contentUrl\":\"https:\/\/www.athonenergia.com.br\/wp-content\/uploads\/2024\/09\/favicon-logo-cor.jpg\",\"width\":200,\"height\":200,\"caption\":\"Athon Energia\"},\"image\":{\"@id\":\"https:\/\/www.athonenergia.com.br\/en\/#\/schema\/logo\/image\/\"},\"sameAs\":[\"https:\/\/linkedin.com\/company\/athonenergia\",\"https:\/\/instagram.com\/athonenergia\"]}]}<\/script>\n<!-- \/ Yoast SEO plugin. -->","yoast_head_json":{"title":"Futuro mais verde: Gera\u00e7\u00e3o Distribu\u00edda desponta como pilar da transi\u00e7\u00e3o energ\u00e9tica brasileira - Athon Energia","robots":{"index":"index","follow":"follow","max-snippet":"max-snippet:-1","max-image-preview":"max-image-preview:large","max-video-preview":"max-video-preview:-1"},"canonical":"https:\/\/www.athonenergia.com.br\/en\/imprensa\/futuro-mais-verde-geracao-distribuida-desponta-como-pilar-da-transicao-energetica-brasileira\/","og_locale":"en_US","og_type":"article","og_title":"Futuro mais verde: Gera\u00e7\u00e3o Distribu\u00edda desponta como pilar da transi\u00e7\u00e3o energ\u00e9tica brasileira - Athon Energia","og_description":"Consolida\u00e7\u00e3o e fus\u00f5es esperadas indicam dinamismo no setor, com adi\u00e7\u00e3o prevista de 5 GW at\u00e9 2026, ou R$ 20 bi em investimentos, escreve Daniel Maia","og_url":"https:\/\/www.athonenergia.com.br\/en\/imprensa\/futuro-mais-verde-geracao-distribuida-desponta-como-pilar-da-transicao-energetica-brasileira\/","og_site_name":"Athon Energia","article_modified_time":"2024-09-04T17:56:21+00:00","og_image":[{"width":1080,"height":552,"url":"https:\/\/www.athonenergia.com.br\/wp-content\/uploads\/2024\/03\/20240325_Athon-Energia_Noticia-e1725472533720.png","type":"image\/png"}],"twitter_card":"summary_large_image","schema":{"@context":"https:\/\/schema.org","@graph":[{"@type":"WebPage","@id":"https:\/\/www.athonenergia.com.br\/en\/imprensa\/futuro-mais-verde-geracao-distribuida-desponta-como-pilar-da-transicao-energetica-brasileira\/","url":"https:\/\/www.athonenergia.com.br\/en\/imprensa\/futuro-mais-verde-geracao-distribuida-desponta-como-pilar-da-transicao-energetica-brasileira\/","name":"Futuro mais verde: Gera\u00e7\u00e3o Distribu\u00edda desponta como pilar da transi\u00e7\u00e3o energ\u00e9tica brasileira - Athon Energia","isPartOf":{"@id":"https:\/\/www.athonenergia.com.br\/en\/#website"},"primaryImageOfPage":{"@id":"https:\/\/www.athonenergia.com.br\/en\/imprensa\/futuro-mais-verde-geracao-distribuida-desponta-como-pilar-da-transicao-energetica-brasileira\/#primaryimage"},"image":{"@id":"https:\/\/www.athonenergia.com.br\/en\/imprensa\/futuro-mais-verde-geracao-distribuida-desponta-como-pilar-da-transicao-energetica-brasileira\/#primaryimage"},"thumbnailUrl":"https:\/\/www.athonenergia.com.br\/wp-content\/uploads\/2024\/03\/20240325_Athon-Energia_Noticia-e1725472533720.png","datePublished":"2024-03-22T19:48:00+00:00","dateModified":"2024-09-04T17:56:21+00:00","breadcrumb":{"@id":"https:\/\/www.athonenergia.com.br\/en\/imprensa\/futuro-mais-verde-geracao-distribuida-desponta-como-pilar-da-transicao-energetica-brasileira\/#breadcrumb"},"inLanguage":"en-US","potentialAction":[{"@type":"ReadAction","target":["https:\/\/www.athonenergia.com.br\/en\/imprensa\/futuro-mais-verde-geracao-distribuida-desponta-como-pilar-da-transicao-energetica-brasileira\/"]}]},{"@type":"ImageObject","inLanguage":"en-US","@id":"https:\/\/www.athonenergia.com.br\/en\/imprensa\/futuro-mais-verde-geracao-distribuida-desponta-como-pilar-da-transicao-energetica-brasileira\/#primaryimage","url":"https:\/\/www.athonenergia.com.br\/wp-content\/uploads\/2024\/03\/20240325_Athon-Energia_Noticia-e1725472533720.png","contentUrl":"https:\/\/www.athonenergia.com.br\/wp-content\/uploads\/2024\/03\/20240325_Athon-Energia_Noticia-e1725472533720.png","width":1080,"height":552},{"@type":"BreadcrumbList","@id":"https:\/\/www.athonenergia.com.br\/en\/imprensa\/futuro-mais-verde-geracao-distribuida-desponta-como-pilar-da-transicao-energetica-brasileira\/#breadcrumb","itemListElement":[{"@type":"ListItem","position":1,"name":"In\u00edcio","item":"https:\/\/www.athonenergia.com.br\/en\/"},{"@type":"ListItem","position":2,"name":"Futuro mais verde: Gera\u00e7\u00e3o Distribu\u00edda desponta como pilar da transi\u00e7\u00e3o energ\u00e9tica brasileira"}]},{"@type":"WebSite","@id":"https:\/\/www.athonenergia.com.br\/en\/#website","url":"https:\/\/www.athonenergia.com.br\/en\/","name":"Athon Energia","description":"","publisher":{"@id":"https:\/\/www.athonenergia.com.br\/en\/#organization"},"potentialAction":[{"@type":"SearchAction","target":{"@type":"EntryPoint","urlTemplate":"https:\/\/www.athonenergia.com.br\/en\/?s={search_term_string}"},"query-input":{"@type":"PropertyValueSpecification","valueRequired":true,"valueName":"search_term_string"}}],"inLanguage":"en-US"},{"@type":"Organization","@id":"https:\/\/www.athonenergia.com.br\/en\/#organization","name":"Athon Energia","url":"https:\/\/www.athonenergia.com.br\/en\/","logo":{"@type":"ImageObject","inLanguage":"en-US","@id":"https:\/\/www.athonenergia.com.br\/en\/#\/schema\/logo\/image\/","url":"https:\/\/www.athonenergia.com.br\/wp-content\/uploads\/2024\/09\/favicon-logo-cor.jpg","contentUrl":"https:\/\/www.athonenergia.com.br\/wp-content\/uploads\/2024\/09\/favicon-logo-cor.jpg","width":200,"height":200,"caption":"Athon Energia"},"image":{"@id":"https:\/\/www.athonenergia.com.br\/en\/#\/schema\/logo\/image\/"},"sameAs":["https:\/\/linkedin.com\/company\/athonenergia","https:\/\/instagram.com\/athonenergia"]}]}},"_links":{"self":[{"href":"https:\/\/www.athonenergia.com.br\/en\/wp-json\/wp\/v2\/imprensa\/1983","targetHints":{"allow":["GET"]}}],"collection":[{"href":"https:\/\/www.athonenergia.com.br\/en\/wp-json\/wp\/v2\/imprensa"}],"about":[{"href":"https:\/\/www.athonenergia.com.br\/en\/wp-json\/wp\/v2\/types\/imprensa"}],"author":[{"embeddable":true,"href":"https:\/\/www.athonenergia.com.br\/en\/wp-json\/wp\/v2\/users\/3"}],"replies":[{"embeddable":true,"href":"https:\/\/www.athonenergia.com.br\/en\/wp-json\/wp\/v2\/comments?post=1983"}],"version-history":[{"count":1,"href":"https:\/\/www.athonenergia.com.br\/en\/wp-json\/wp\/v2\/imprensa\/1983\/revisions"}],"predecessor-version":[{"id":1986,"href":"https:\/\/www.athonenergia.com.br\/en\/wp-json\/wp\/v2\/imprensa\/1983\/revisions\/1986"}],"wp:featuredmedia":[{"embeddable":true,"href":"https:\/\/www.athonenergia.com.br\/en\/wp-json\/wp\/v2\/media\/2830"}],"wp:attachment":[{"href":"https:\/\/www.athonenergia.com.br\/en\/wp-json\/wp\/v2\/media?parent=1983"}],"wp:term":[{"taxonomy":"categoria_imprensa","embeddable":true,"href":"https:\/\/www.athonenergia.com.br\/en\/wp-json\/wp\/v2\/categoria_imprensa?post=1983"}],"curies":[{"name":"wp","href":"https:\/\/api.w.org\/{rel}","templated":true}]}}